{"id":5418,"date":"2024-02-12T14:52:31","date_gmt":"2024-02-12T14:52:31","guid":{"rendered":"https:\/\/rdc2.wedot.net\/?p=5418"},"modified":"2024-02-12T14:52:40","modified_gmt":"2024-02-12T14:52:40","slug":"lidia-ravera","status":"publish","type":"post","link":"https:\/\/raccontidalcarcere.it\/?p=5418","title":{"rendered":"Lidia Ravera"},"content":{"rendered":"\t\t<div data-elementor-type=\"wp-post\" data-elementor-id=\"5418\" class=\"elementor elementor-5418\" data-elementor-post-type=\"post\">\n\t\t\t\t\t\t<section class=\"elementor-section elementor-top-section elementor-element elementor-element-3f2ff7b4 elementor-section-boxed elementor-section-height-default elementor-section-height-default\" data-id=\"3f2ff7b4\" data-element_type=\"section\" data-e-type=\"section\">\n\t\t\t\t\t\t<div class=\"elementor-container elementor-column-gap-default\">\n\t\t\t\t\t<div class=\"elementor-column elementor-col-100 elementor-top-column elementor-element elementor-element-345595f9\" data-id=\"345595f9\" data-element_type=\"column\" data-e-type=\"column\">\n\t\t\t<div class=\"elementor-widget-wrap elementor-element-populated\">\n\t\t\t\t\t\t<div class=\"elementor-element elementor-element-58a20e22 elementor-widget elementor-widget-text-editor\" data-id=\"58a20e22\" data-element_type=\"widget\" data-e-type=\"widget\" data-widget_type=\"text-editor.default\">\n\t\t\t\t<div class=\"elementor-widget-container\">\n\t\t\t\t\t\t\t\t\t\n<p>\u00e8 nata a Torino e vive a Roma. Ha esordito, ventenne, scrivendo con Marco Lombardo\u00a0<em>Radice Porci con le ali<\/em>. Scrittrice, sceneggiatrice e giornalista, ha pubblicato poi numerosi romanzi, racconti e saggi, fra i quali:\u00a0<em>Ammazzare il tempo, Bambino mio, Due volte vent\u2019anni, Sorelle, Nessuno al suo posto, In quale nascondiglio del cuore, Maledetta giovent\u00f9, N\u00e9 giovani n\u00e9 vecchi, Un lungo inverno fiorito, La festa \u00e8 finita, Il freddo dentro, Eterna ragazza, Il dio zitto, Le seduzioni dell\u2019inverno<\/em>.<\/p>\n\t\t\t\t\t\t\t\t<\/div>\n\t\t\t\t<\/div>\n\t\t\t\t\t<\/div>\n\t\t<\/div>\n\t\t\t\t\t<\/div>\n\t\t<\/section>\n\t\t\t\t<\/div>\n\t\t","protected":false},"excerpt":{"rendered":"<p>\u00e8 nata a Torino e vive a Roma. Ha esordito, ventenne, scrivendo con Marco Lombardo\u00a0Radice Porci con le ali. Scrittrice, sceneggiatrice e giornalista, ha pubblicato poi numerosi romanzi, racconti e saggi, fra i quali:\u00a0Ammazzare il tempo, Bambino mio, Due volte vent\u2019anni, Sorelle, Nessuno al suo posto, In quale nascondiglio del cuore, Maledetta giovent\u00f9, N\u00e9 giovani [&hellip;]<\/p>\n","protected":false},"author":1,"featured_media":5419,"comment_status":"open","ping_status":"closed","sticky":false,"template":"","format":"standard","meta":{"footnotes":""},"categories":[62],"tags":[],"class_list":["post-5418","post","type-post","status-publish","format-standard","has-post-thumbnail","hentry","category-tutor-giuria"],"_links":{"self":[{"href":"https:\/\/raccontidalcarcere.it\/index.php?rest_route=\/wp\/v2\/posts\/5418","targetHints":{"allow":["GET"]}}],"collection":[{"href":"https:\/\/raccontidalcarcere.it\/index.php?rest_route=\/wp\/v2\/posts"}],"about":[{"href":"https:\/\/raccontidalcarcere.it\/index.php?rest_route=\/wp\/v2\/types\/post"}],"author":[{"embeddable":true,"href":"https:\/\/raccontidalcarcere.it\/index.php?rest_route=\/wp\/v2\/users\/1"}],"replies":[{"embeddable":true,"href":"https:\/\/raccontidalcarcere.it\/index.php?rest_route=%2Fwp%2Fv2%2Fcomments&post=5418"}],"version-history":[{"count":4,"href":"https:\/\/raccontidalcarcere.it\/index.php?rest_route=\/wp\/v2\/posts\/5418\/revisions"}],"predecessor-version":[{"id":5423,"href":"https:\/\/raccontidalcarcere.it\/index.php?rest_route=\/wp\/v2\/posts\/5418\/revisions\/5423"}],"wp:featuredmedia":[{"embeddable":true,"href":"https:\/\/raccontidalcarcere.it\/index.php?rest_route=\/wp\/v2\/media\/5419"}],"wp:attachment":[{"href":"https:\/\/raccontidalcarcere.it\/index.php?rest_route=%2Fwp%2Fv2%2Fmedia&parent=5418"}],"wp:term":[{"taxonomy":"category","embeddable":true,"href":"https:\/\/raccontidalcarcere.it\/index.php?rest_route=%2Fwp%2Fv2%2Fcategories&post=5418"},{"taxonomy":"post_tag","embeddable":true,"href":"https:\/\/raccontidalcarcere.it\/index.php?rest_route=%2Fwp%2Fv2%2Ftags&post=5418"}],"curies":[{"name":"wp","href":"https:\/\/api.w.org\/{rel}","templated":true}]}}