{"id":6264,"date":"2024-02-13T11:45:27","date_gmt":"2024-02-13T11:45:27","guid":{"rendered":"https:\/\/rdc2.wedot.net\/?p=6264"},"modified":"2024-02-13T11:45:37","modified_gmt":"2024-02-13T11:45:37","slug":"luca-barbarossa","status":"publish","type":"post","link":"https:\/\/raccontidalcarcere.it\/?p=6264","title":{"rendered":"Luca Barbarossa"},"content":{"rendered":"\t\t<div data-elementor-type=\"wp-post\" data-elementor-id=\"6264\" class=\"elementor elementor-6264\" data-elementor-post-type=\"post\">\n\t\t\t\t\t\t<section class=\"elementor-section elementor-top-section elementor-element elementor-element-77e1a15e elementor-section-boxed elementor-section-height-default elementor-section-height-default\" data-id=\"77e1a15e\" data-element_type=\"section\" data-e-type=\"section\">\n\t\t\t\t\t\t<div class=\"elementor-container elementor-column-gap-default\">\n\t\t\t\t\t<div class=\"elementor-column elementor-col-100 elementor-top-column elementor-element elementor-element-13f15149\" data-id=\"13f15149\" data-element_type=\"column\" data-e-type=\"column\">\n\t\t\t<div class=\"elementor-widget-wrap elementor-element-populated\">\n\t\t\t\t\t\t<div class=\"elementor-element elementor-element-780ce39b elementor-widget elementor-widget-text-editor\" data-id=\"780ce39b\" data-element_type=\"widget\" data-e-type=\"widget\" data-widget_type=\"text-editor.default\">\n\t\t\t\t<div class=\"elementor-widget-container\">\n\t\t\t\t\t\t\t\t\t\n<p>Nel 1980 vince il festival di Castrocaro e partecipa al successivo Festival di Sanremo con il brano \u201cRoma spogliata\u201d, classificandosi al primo posto della categoria giovani. Poco dopo esce il suo primo e omonimo album, Luca Barbarossa, prodotto da Shel Shapiro, dove vanta la partecipazione di Antonello Venditti; a fine anno poi parte in tourn\u00e9e come spalla di Riccardo Cocciante.<br>Raggiunge il successo nel 1988, quando presenta, sempre sul palco dell\u2019Ariston, \u201cL\u2019amore rubato\u201d, classificandosi terzo e poi primo nella classifica delle vendite.<br>Sempre nello stesso anno rappresenta l&#8217;Italia all&#8217;Eurovision Song Contest.<br>Nel 1992 vince il Festival di Sanremo con \u201cPortami a ballare\u201d, brano dedicato a sua madre Annamaria.<br>Nel giugno del 2001 esce la sua prima raccolta di successi Viaggio di ritorno, In qualit\u00e0 di autore ha scritto per Pavarotti, Gianni Morandi, Fiorella Mannoia, Raquel del Rosario, Paola Turci, Tosca e altri. Tra il 2008 e il 2010 \u00e8 stato protagonista dello spettacolo teatrale intitolato Attenti a quei due con l&#8217;attore Neri Marcor\u00e8. Dal gennaio del 2010 \u00e8 il conduttore di Radio 2 Social Club, programma di Rai Radio 2.<br>Il 9 maggio 2012 debutta in televisione, a fianco di Max Giusti, come conduttore del programma Super Club su Rai 2. Il 17 e 18 dicembre 2015 conduce assieme a Gloria Guida, in prima serata su Rai 3, la trasmissione Il mondo a 45 giri.<br>Nel 2016 conduce il Concerto del Primo Maggio. Poche settimane pi\u00f9 tardi, il 18 maggio, si cimenta per la prima volta come telecronista sportivo, a fianco di Bruno Pizzul in occasione della Partita del cuore.<\/p>\n\t\t\t\t\t\t\t\t<\/div>\n\t\t\t\t<\/div>\n\t\t\t\t\t<\/div>\n\t\t<\/div>\n\t\t\t\t\t<\/div>\n\t\t<\/section>\n\t\t\t\t<\/div>\n\t\t","protected":false},"excerpt":{"rendered":"<p>Nel 1980 vince il festival di Castrocaro e partecipa al successivo Festival di Sanremo con il brano \u201cRoma spogliata\u201d, classificandosi al primo posto della categoria giovani. Poco dopo esce il suo primo e omonimo album, Luca Barbarossa, prodotto da Shel Shapiro, dove vanta la partecipazione di Antonello Venditti; a fine anno poi parte in tourn\u00e9e [&hellip;]<\/p>\n","protected":false},"author":1,"featured_media":6265,"comment_status":"open","ping_status":"closed","sticky":false,"template":"","format":"standard","meta":{"footnotes":""},"categories":[62],"tags":[],"class_list":["post-6264","post","type-post","status-publish","format-standard","has-post-thumbnail","hentry","category-tutor-giuria"],"_links":{"self":[{"href":"https:\/\/raccontidalcarcere.it\/index.php?rest_route=\/wp\/v2\/posts\/6264","targetHints":{"allow":["GET"]}}],"collection":[{"href":"https:\/\/raccontidalcarcere.it\/index.php?rest_route=\/wp\/v2\/posts"}],"about":[{"href":"https:\/\/raccontidalcarcere.it\/index.php?rest_route=\/wp\/v2\/types\/post"}],"author":[{"embeddable":true,"href":"https:\/\/raccontidalcarcere.it\/index.php?rest_route=\/wp\/v2\/users\/1"}],"replies":[{"embeddable":true,"href":"https:\/\/raccontidalcarcere.it\/index.php?rest_route=%2Fwp%2Fv2%2Fcomments&post=6264"}],"version-history":[{"count":4,"href":"https:\/\/raccontidalcarcere.it\/index.php?rest_route=\/wp\/v2\/posts\/6264\/revisions"}],"predecessor-version":[{"id":6269,"href":"https:\/\/raccontidalcarcere.it\/index.php?rest_route=\/wp\/v2\/posts\/6264\/revisions\/6269"}],"wp:featuredmedia":[{"embeddable":true,"href":"https:\/\/raccontidalcarcere.it\/index.php?rest_route=\/wp\/v2\/media\/6265"}],"wp:attachment":[{"href":"https:\/\/raccontidalcarcere.it\/index.php?rest_route=%2Fwp%2Fv2%2Fmedia&parent=6264"}],"wp:term":[{"taxonomy":"category","embeddable":true,"href":"https:\/\/raccontidalcarcere.it\/index.php?rest_route=%2Fwp%2Fv2%2Fcategories&post=6264"},{"taxonomy":"post_tag","embeddable":true,"href":"https:\/\/raccontidalcarcere.it\/index.php?rest_route=%2Fwp%2Fv2%2Ftags&post=6264"}],"curies":[{"name":"wp","href":"https:\/\/api.w.org\/{rel}","templated":true}]}}