{"id":6270,"date":"2024-02-13T11:46:12","date_gmt":"2024-02-13T11:46:12","guid":{"rendered":"https:\/\/rdc2.wedot.net\/?p=6270"},"modified":"2024-02-13T11:46:17","modified_gmt":"2024-02-13T11:46:17","slug":"guido-barlozzetti","status":"publish","type":"post","link":"https:\/\/raccontidalcarcere.it\/?p=6270","title":{"rendered":"Guido Barlozzetti"},"content":{"rendered":"\t\t<div data-elementor-type=\"wp-post\" data-elementor-id=\"6270\" class=\"elementor elementor-6270\" data-elementor-post-type=\"post\">\n\t\t\t\t\t\t<section class=\"elementor-section elementor-top-section elementor-element elementor-element-2b7bb528 elementor-section-boxed elementor-section-height-default elementor-section-height-default\" data-id=\"2b7bb528\" data-element_type=\"section\" data-e-type=\"section\">\n\t\t\t\t\t\t<div class=\"elementor-container elementor-column-gap-default\">\n\t\t\t\t\t<div class=\"elementor-column elementor-col-100 elementor-top-column elementor-element elementor-element-72446187\" data-id=\"72446187\" data-element_type=\"column\" data-e-type=\"column\">\n\t\t\t<div class=\"elementor-widget-wrap elementor-element-populated\">\n\t\t\t\t\t\t<div class=\"elementor-element elementor-element-76887ca6 elementor-widget elementor-widget-text-editor\" data-id=\"76887ca6\" data-element_type=\"widget\" data-e-type=\"widget\" data-widget_type=\"text-editor.default\">\n\t\t\t\t<div class=\"elementor-widget-container\">\n\t\t\t\t\t\t\t\t\t\n<p>Guido Barlozzetti nasce a Orvieto, si laurea in Filosofia e insegna nei licei e tiene corsi universitari sulla televisione, le teorie e tecniche della comunicazione e la sociologia dei processi culturali.<br>Tra varie attivit\u00e0, organizza circuiti e manifestazioni di cinema, dirige un Festival Rosa a Gabicce e coordina per vent&#8217;anni il premio Luigi Barzini all&#8217;inviato speciale.<br>Ha lavorato in Rai come autore e conduttore: Laraichevedrai, Palermitani, Assassine, Italia che vai, Unomattina, Aspettando Unomattina, Il Caff\u00e8 di Rai Uno.<br>Scrive su giornali di cinema, televisione, di attualit\u00e0, oltre a libri sullo sceneggiato televisivo, sulla Titanus, sul palinsesto, sui media-event e sulla sua citt\u00e0.<\/p>\n\t\t\t\t\t\t\t\t<\/div>\n\t\t\t\t<\/div>\n\t\t\t\t\t<\/div>\n\t\t<\/div>\n\t\t\t\t\t<\/div>\n\t\t<\/section>\n\t\t\t\t<\/div>\n\t\t","protected":false},"excerpt":{"rendered":"<p>Guido Barlozzetti nasce a Orvieto, si laurea in Filosofia e insegna nei licei e tiene corsi universitari sulla televisione, le teorie e tecniche della comunicazione e la sociologia dei processi culturali.Tra varie attivit\u00e0, organizza circuiti e manifestazioni di cinema, dirige un Festival Rosa a Gabicce e coordina per vent&#8217;anni il premio Luigi Barzini all&#8217;inviato speciale.Ha [&hellip;]<\/p>\n","protected":false},"author":1,"featured_media":6271,"comment_status":"open","ping_status":"closed","sticky":false,"template":"","format":"standard","meta":{"footnotes":""},"categories":[62],"tags":[],"class_list":["post-6270","post","type-post","status-publish","format-standard","has-post-thumbnail","hentry","category-tutor-giuria"],"_links":{"self":[{"href":"https:\/\/raccontidalcarcere.it\/index.php?rest_route=\/wp\/v2\/posts\/6270","targetHints":{"allow":["GET"]}}],"collection":[{"href":"https:\/\/raccontidalcarcere.it\/index.php?rest_route=\/wp\/v2\/posts"}],"about":[{"href":"https:\/\/raccontidalcarcere.it\/index.php?rest_route=\/wp\/v2\/types\/post"}],"author":[{"embeddable":true,"href":"https:\/\/raccontidalcarcere.it\/index.php?rest_route=\/wp\/v2\/users\/1"}],"replies":[{"embeddable":true,"href":"https:\/\/raccontidalcarcere.it\/index.php?rest_route=%2Fwp%2Fv2%2Fcomments&post=6270"}],"version-history":[{"count":4,"href":"https:\/\/raccontidalcarcere.it\/index.php?rest_route=\/wp\/v2\/posts\/6270\/revisions"}],"predecessor-version":[{"id":6275,"href":"https:\/\/raccontidalcarcere.it\/index.php?rest_route=\/wp\/v2\/posts\/6270\/revisions\/6275"}],"wp:featuredmedia":[{"embeddable":true,"href":"https:\/\/raccontidalcarcere.it\/index.php?rest_route=\/wp\/v2\/media\/6271"}],"wp:attachment":[{"href":"https:\/\/raccontidalcarcere.it\/index.php?rest_route=%2Fwp%2Fv2%2Fmedia&parent=6270"}],"wp:term":[{"taxonomy":"category","embeddable":true,"href":"https:\/\/raccontidalcarcere.it\/index.php?rest_route=%2Fwp%2Fv2%2Fcategories&post=6270"},{"taxonomy":"post_tag","embeddable":true,"href":"https:\/\/raccontidalcarcere.it\/index.php?rest_route=%2Fwp%2Fv2%2Ftags&post=6270"}],"curies":[{"name":"wp","href":"https:\/\/api.w.org\/{rel}","templated":true}]}}