{"id":6282,"date":"2024-02-13T11:47:14","date_gmt":"2024-02-13T11:47:14","guid":{"rendered":"https:\/\/rdc2.wedot.net\/?p=6282"},"modified":"2024-02-13T11:48:02","modified_gmt":"2024-02-13T11:48:02","slug":"carolina-raspanti","status":"publish","type":"post","link":"https:\/\/raccontidalcarcere.it\/?p=6282","title":{"rendered":"Carolina Raspanti"},"content":{"rendered":"\t\t<div data-elementor-type=\"wp-post\" data-elementor-id=\"6282\" class=\"elementor elementor-6282\" data-elementor-post-type=\"post\">\n\t\t\t\t\t\t<section class=\"elementor-section elementor-top-section elementor-element elementor-element-187a82e8 elementor-section-boxed elementor-section-height-default elementor-section-height-default\" data-id=\"187a82e8\" data-element_type=\"section\" data-e-type=\"section\">\n\t\t\t\t\t\t<div class=\"elementor-container elementor-column-gap-default\">\n\t\t\t\t\t<div class=\"elementor-column elementor-col-100 elementor-top-column elementor-element elementor-element-506cf46c\" data-id=\"506cf46c\" data-element_type=\"column\" data-e-type=\"column\">\n\t\t\t<div class=\"elementor-widget-wrap elementor-element-populated\">\n\t\t\t\t\t\t<div class=\"elementor-element elementor-element-6366aaa2 elementor-widget elementor-widget-text-editor\" data-id=\"6366aaa2\" data-element_type=\"widget\" data-e-type=\"widget\" data-widget_type=\"text-editor.default\">\n\t\t\t\t<div class=\"elementor-widget-container\">\n\t\t\t\t\t\t\t\t\t\n<p>Carolina Raspanti, 32 anni, \u00e8 affetta dalla sindrome di Down, \u201cma personalmente non mi pesa nemmeno un po\u2019\u201d, spiega, \u201canche perch\u00e9 tutte le persone che mi stanno intorno non me lo fanno pesare, per loro non \u00e8 mai stato un problema\u201d. \u00c8 romagnola e ha scritto due libri, entrambi autobiografici.<br>Ha dichiarato: \u201cHo deciso di scrivere un libro per raccontarmi, per dare una mia testimonianza. Per parlare alle nuove generazioni, per dir loro che la vita \u00e8 bella, che va vissuta fino in fondo. Voglio incoraggiare i giovani d\u2019oggi a essere felici come lo sono io. Perch\u00e9 io s\u00ec, ho raggiunto la felicit\u00e0 completa, e vorrei che fosse lo stesso per loro\u201d.<\/p>\n\t\t\t\t\t\t\t\t<\/div>\n\t\t\t\t<\/div>\n\t\t\t\t\t<\/div>\n\t\t<\/div>\n\t\t\t\t\t<\/div>\n\t\t<\/section>\n\t\t\t\t<\/div>\n\t\t","protected":false},"excerpt":{"rendered":"<p>Carolina Raspanti, 32 anni, \u00e8 affetta dalla sindrome di Down, \u201cma personalmente non mi pesa nemmeno un po\u2019\u201d, spiega, \u201canche perch\u00e9 tutte le persone che mi stanno intorno non me lo fanno pesare, per loro non \u00e8 mai stato un problema\u201d. \u00c8 romagnola e ha scritto due libri, entrambi autobiografici.Ha dichiarato: \u201cHo deciso di scrivere [&hellip;]<\/p>\n","protected":false},"author":1,"featured_media":6283,"comment_status":"open","ping_status":"closed","sticky":false,"template":"","format":"standard","meta":{"footnotes":""},"categories":[62],"tags":[],"class_list":["post-6282","post","type-post","status-publish","format-standard","has-post-thumbnail","hentry","category-tutor-giuria"],"_links":{"self":[{"href":"https:\/\/raccontidalcarcere.it\/index.php?rest_route=\/wp\/v2\/posts\/6282","targetHints":{"allow":["GET"]}}],"collection":[{"href":"https:\/\/raccontidalcarcere.it\/index.php?rest_route=\/wp\/v2\/posts"}],"about":[{"href":"https:\/\/raccontidalcarcere.it\/index.php?rest_route=\/wp\/v2\/types\/post"}],"author":[{"embeddable":true,"href":"https:\/\/raccontidalcarcere.it\/index.php?rest_route=\/wp\/v2\/users\/1"}],"replies":[{"embeddable":true,"href":"https:\/\/raccontidalcarcere.it\/index.php?rest_route=%2Fwp%2Fv2%2Fcomments&post=6282"}],"version-history":[{"count":4,"href":"https:\/\/raccontidalcarcere.it\/index.php?rest_route=\/wp\/v2\/posts\/6282\/revisions"}],"predecessor-version":[{"id":6290,"href":"https:\/\/raccontidalcarcere.it\/index.php?rest_route=\/wp\/v2\/posts\/6282\/revisions\/6290"}],"wp:featuredmedia":[{"embeddable":true,"href":"https:\/\/raccontidalcarcere.it\/index.php?rest_route=\/wp\/v2\/media\/6283"}],"wp:attachment":[{"href":"https:\/\/raccontidalcarcere.it\/index.php?rest_route=%2Fwp%2Fv2%2Fmedia&parent=6282"}],"wp:term":[{"taxonomy":"category","embeddable":true,"href":"https:\/\/raccontidalcarcere.it\/index.php?rest_route=%2Fwp%2Fv2%2Fcategories&post=6282"},{"taxonomy":"post_tag","embeddable":true,"href":"https:\/\/raccontidalcarcere.it\/index.php?rest_route=%2Fwp%2Fv2%2Ftags&post=6282"}],"curies":[{"name":"wp","href":"https:\/\/api.w.org\/{rel}","templated":true}]}}